{"id":116,"date":"2025-02-06T02:14:46","date_gmt":"2025-02-06T02:14:46","guid":{"rendered":"https:\/\/visotek.vn\/dich-vu\/?p=116"},"modified":"2025-02-06T02:17:51","modified_gmt":"2025-02-06T02:17:51","slug":"nang-cap-ram-cho-macbook","status":"publish","type":"post","link":"https:\/\/visotek.vn\/dich-vu\/nang-cap-ram-cho-macbook.html","title":{"rendered":"N\u00e2ng c\u1ea5p Ram cho Macbook"},"content":{"rendered":"<p><strong>Ram<\/strong> hay c\u00f2n g\u1ecdi l\u00e0 b\u1ed9 nh\u1edb \u0111\u1ec7m, b\u1ed9 nh\u1edb t\u1ea1m th\u1eddi&#8230; Hi\u1ec7n nay v\u1edbi c\u00e1c d\u00f2ng m\u00e1y Macbook nh\u01b0 Macbook Pro, Macbook Air, Macbook Pro Retina \u0111\u1ec1u \u0111\u01b0\u1ee3c thi\u1ebft k\u1ebf v\u1edbi dung l\u01b0\u1ee3ng ram \u0111\u1ec3 s\u1eed d\u1ee5ng nh\u1eefng \u1ee9ng d\u1ee5ng \u0111\u01a1n gi\u1ea3n kh\u00e1 m\u01b0\u1ee3t m\u00e0 tuy nhi\u00ean v\u1edbi nh\u1eefng ai mu\u1ed1n s\u1eed d\u1ee5ng nh\u1eefng ph\u1ea7n m\u1ec1m y\u00eau c\u1ea7u ram cao th\u00ec ph\u1ea3i n\u00e2ng c\u1ea5p gi\u00fap cho ho\u1ea1t \u0111\u1ed9ng nh\u1eefng ph\u1ea7n m\u1ec1m tr\u00ean \u0111\u01b0\u1ee3c m\u01b0\u1ee3t m\u00e0 h\u01a1n.<\/p>\n<div id=\"attachment_117\" style=\"width: 778px\" class=\"wp-caption aligncenter\"><img loading=\"lazy\" decoding=\"async\" aria-describedby=\"caption-attachment-117\" class=\"wp-image-117\" src=\"https:\/\/visotek.vn\/dich-vu\/wp-content\/uploads\/2025\/02\/nang-cap-ram-macbook.jpg\" alt=\"N\u00e2ng c\u1ea5p Ram cho Macbook\" width=\"768\" height=\"449\" srcset=\"https:\/\/visotek.vn\/dich-vu\/wp-content\/uploads\/2025\/02\/nang-cap-ram-macbook.jpg 900w, https:\/\/visotek.vn\/dich-vu\/wp-content\/uploads\/2025\/02\/nang-cap-ram-macbook-300x175.jpg 300w, https:\/\/visotek.vn\/dich-vu\/wp-content\/uploads\/2025\/02\/nang-cap-ram-macbook-768x449.jpg 768w\" sizes=\"auto, (max-width: 768px) 100vw, 768px\" \/><p id=\"caption-attachment-117\" class=\"wp-caption-text\">N\u00e2ng c\u1ea5p Ram cho Macbook<\/p><\/div>\n<p>N\u1eafm b\u1eaft \u0111\u01b0\u1ee3c th\u1ecb hi\u1ebfu kh\u00e1ch h\u00e0ng <a href=\"https:\/\/visotek.vn\/\"><strong>C\u00f4ng ty Visotek<\/strong><\/a>\u00a0cung c\u1ea5p <a href=\"https:\/\/visotek.vn\/dich-vu\/nang-cap-ram-cho-macbook.html\"><strong>d\u1ecbch v\u1ee5 n\u00e2ng c\u1ea5p Ram cho Macbook<\/strong><\/a> v\u1edbi t\u1ea5t c\u1ea3 c\u00e1c d\u00f2ng m\u00e1y nh\u01b0 Macbook Pro, Macbook Air, Macbook Pro Retina v\u1edbi gi\u00e1 c\u1ea3 ph\u1ea3i ch\u0103ng, h\u00e0ng nh\u1eadp kh\u1ea9u ch\u00ednh h\u00e3ng.<\/p>\n<h2>T\u1ea1i sao n\u00ean n\u00e2ng c\u1ea5p ram<\/h2>\n<ul>\n<li>Visotek Vi\u1ec7t Nam cam k\u1ebft ch\u1ec9 l\u1eafp linh ki\u1ec7n ch\u00ednh h\u00e3ng<\/li>\n<li>Visotek Vi\u1ec7t Nam c\u00f3 \u0111\u1ed9i ng\u0169 k\u1ef9 thu\u1eadt vi\u00ean chuy\u00ean nghi\u1ec7p c\u00f3 th\u1ec3 thao l\u1eafp Macbook m\u1ed9t c\u00e1ch chuy\u00ean nghi\u1ec7p<\/li>\n<li>Visotek Vi\u1ec7t Nam b\u1ea3o h\u00e0nh ram c\u1ee7a Macbook l\u00ean \u0111\u1ebfn 10 n\u0103m<\/li>\n<li>Visotek Vi\u1ec7t Nam cung c\u1ea5p t\u1ed5ng \u0111\u00e0i ch\u0103m s\u00f3c kh\u00e1ch h\u00e0ng 24\/24<\/li>\n<\/ul>\n<h2>Nh\u1eefng d\u00f2ng c\u00f3 th\u1ec3 n\u00e2ng c\u1ea5p?<\/h2>\n<p>V\u1edbi h\u1ea7u h\u1ebft c\u00e1c d\u00f2ng m\u00e1y Visotek Vi\u1ec7t Nam c\u00f3 th\u1ec3 n\u00e2ng c\u1ea5p \u0111\u01b0\u1ee3c mi\u1ec5n sao d\u00f2ng m\u00e1y \u0111\u00f3 c\u00f2n th\u1eeba 1 khe c\u1eafm ram tr\u1eeb m\u1ed9t s\u1ed1 d\u00f2ng m\u00e1y h\u00e3ng Apple kh\u00f4ng cho n\u00e2ng c\u1ea5p. Qu\u00fd kh\u00e1ch mu\u1ed1n bi\u1ebft v\u1ec1 c\u00e1c d\u00f2ng m\u00e1y c\u00f3 th\u1ec3 n\u00e2ng c\u1ea5p xin g\u1ecdi \u0111\u1ebfn s\u1ed1 Hotline \u0111\u1ec3 \u0111\u01b0\u1ee3c t\u01b0 v\u1ea5n.<\/p>\n<p>Ngo\u00e0i ra c\u00f4ng ty Visotek Vi\u1ec7t Nam c\u00f2n cung c\u1ea5p d\u1ecbch v\u1ee5 n\u00e2ng c\u1ea5p v\u00e0 s\u1eeda ch\u1eefa cho Laptop v\u1edbi t\u1ea5t c\u1ea3 c\u00e1c d\u00f2ng m\u00e1y Laptop \u0111ang c\u00f3 tr\u00ean th\u1ecb tr\u01b0\u1eddng nh\u01b0 Sony Vaio, DELL, Lenovo, HP, Acer, Asus&#8230;<\/p>\n","protected":false},"excerpt":{"rendered":"<p>Ram hay c\u00f2n g\u1ecdi l\u00e0 b\u1ed9 nh\u1edb \u0111\u1ec7m, b\u1ed9 nh\u1edb t\u1ea1m th\u1eddi&#8230; Hi\u1ec7n nay v\u1edbi c\u00e1c d\u00f2ng m\u00e1y Macbook nh\u01b0 Macbook Pro, Macbook Air, Macbook Pro Retina \u0111\u1ec1u \u0111\u01b0\u1ee3c thi\u1ebft k\u1ebf v\u1edbi dung l\u01b0\u1ee3ng ram \u0111\u1ec3 s\u1eed d\u1ee5ng nh\u1eefng \u1ee9ng d\u1ee5ng \u0111\u01a1n gi\u1ea3n kh\u00e1 m\u01b0\u1ee3t m\u00e0 tuy nhi\u00ean v\u1edbi nh\u1eefng ai mu\u1ed1n s\u1eed d\u1ee5ng nh\u1eefng [&hellip;]<\/p>\n","protected":false},"author":1,"featured_media":117,"comment_status":"open","ping_status":"open","sticky":false,"template":"","format":"standard","meta":{"footnotes":""},"categories":[3],"tags":[],"class_list":["post-116","post","type-post","status-publish","format-standard","has-post-thumbnail","hentry","category-bao-tri-may-tinh"],"yoast_head":"<!-- This site is optimized with the Yoast SEO plugin v25.9 - https:\/\/yoast.com\/wordpress\/plugins\/seo\/ -->\n<title>N\u00e2ng c\u1ea5p Ram cho Macbook Air, Macbook Pro gi\u00e1 r\u1ebb<\/title>\n<meta name=\"description\" content=\"D\u1ecbch v\u1ee5 n\u00e2ng c\u1ea5p Ram cho Macbook v\u1edbi t\u1ea5t c\u1ea3 c\u00e1c d\u00f2ng m\u00e1y nh\u01b0 Macbook Pro, Macbook Air, Macbook Pro Retina v\u1edbi gi\u00e1 c\u1ea3 ph\u1ea3i ch\u0103ng\" \/>\n<meta name=\"robots\" content=\"index, follow, max-snippet:-1, max-image-preview:large, max-video-preview:-1\" \/>\n<link rel=\"canonical\" href=\"https:\/\/visotek.vn\/dich-vu\/nang-cap-ram-cho-macbook.html\" \/>\n<meta property=\"og:locale\" content=\"vi_VN\" \/>\n<meta property=\"og:type\" content=\"article\" \/>\n<meta property=\"og:title\" content=\"N\u00e2ng c\u1ea5p Ram cho Macbook Air, Macbook Pro gi\u00e1 r\u1ebb\" \/>\n<meta property=\"og:description\" content=\"D\u1ecbch v\u1ee5 n\u00e2ng c\u1ea5p Ram cho Macbook v\u1edbi t\u1ea5t c\u1ea3 c\u00e1c d\u00f2ng m\u00e1y nh\u01b0 Macbook Pro, Macbook Air, Macbook Pro Retina v\u1edbi gi\u00e1 c\u1ea3 ph\u1ea3i ch\u0103ng\" \/>\n<meta property=\"og:url\" content=\"https:\/\/visotek.vn\/dich-vu\/nang-cap-ram-cho-macbook.html\" \/>\n<meta property=\"og:site_name\" content=\"D\u1ecbch v\u1ee5 c\u1ee7a Visotek Vi\u1ec7t Nam\" \/>\n<meta property=\"article:published_time\" content=\"2025-02-06T02:14:46+00:00\" \/>\n<meta property=\"article:modified_time\" content=\"2025-02-06T02:17:51+00:00\" \/>\n<meta property=\"og:image\" content=\"https:\/\/visotek.vn\/dich-vu\/wp-content\/uploads\/2025\/02\/nang-cap-ram-macbook.jpg\" \/>\n\t<meta property=\"og:image:width\" content=\"900\" \/>\n\t<meta property=\"og:image:height\" content=\"526\" \/>\n\t<meta property=\"og:image:type\" content=\"image\/jpeg\" \/>\n<meta name=\"author\" content=\"admin\" \/>\n<meta name=\"twitter:card\" content=\"summary_large_image\" \/>\n<meta name=\"twitter:label1\" content=\"\u0110\u01b0\u1ee3c vi\u1ebft b\u1edfi\" \/>\n\t<meta name=\"twitter:data1\" content=\"admin\" \/>\n\t<meta name=\"twitter:label2\" content=\"\u01af\u1edbc t\u00ednh th\u1eddi gian \u0111\u1ecdc\" \/>\n\t<meta name=\"twitter:data2\" content=\"2 ph\u00fat\" \/>\n<script type=\"application\/ld+json\" class=\"yoast-schema-graph\">{\"@context\":\"https:\/\/schema.org\",\"@graph\":[{\"@type\":\"WebPage\",\"@id\":\"https:\/\/visotek.vn\/dich-vu\/nang-cap-ram-cho-macbook.html\",\"url\":\"https:\/\/visotek.vn\/dich-vu\/nang-cap-ram-cho-macbook.html\",\"name\":\"N\u00e2ng c\u1ea5p Ram cho Macbook Air, Macbook Pro gi\u00e1 r\u1ebb\",\"isPartOf\":{\"@id\":\"https:\/\/visotek.vn\/dich-vu\/#website\"},\"primaryImageOfPage\":{\"@id\":\"https:\/\/visotek.vn\/dich-vu\/nang-cap-ram-cho-macbook.html#primaryimage\"},\"image\":{\"@id\":\"https:\/\/visotek.vn\/dich-vu\/nang-cap-ram-cho-macbook.html#primaryimage\"},\"thumbnailUrl\":\"https:\/\/visotek.vn\/dich-vu\/wp-content\/uploads\/2025\/02\/nang-cap-ram-macbook.jpg\",\"datePublished\":\"2025-02-06T02:14:46+00:00\",\"dateModified\":\"2025-02-06T02:17:51+00:00\",\"author\":{\"@id\":\"https:\/\/visotek.vn\/dich-vu\/#\/schema\/person\/7a2861c20c7b88490b47476a32267b60\"},\"description\":\"D\u1ecbch v\u1ee5 n\u00e2ng c\u1ea5p Ram cho Macbook v\u1edbi t\u1ea5t c\u1ea3 c\u00e1c d\u00f2ng m\u00e1y nh\u01b0 Macbook Pro, Macbook Air, Macbook Pro Retina v\u1edbi gi\u00e1 c\u1ea3 ph\u1ea3i ch\u0103ng\",\"breadcrumb\":{\"@id\":\"https:\/\/visotek.vn\/dich-vu\/nang-cap-ram-cho-macbook.html#breadcrumb\"},\"inLanguage\":\"vi\",\"potentialAction\":[{\"@type\":\"ReadAction\",\"target\":[\"https:\/\/visotek.vn\/dich-vu\/nang-cap-ram-cho-macbook.html\"]}]},{\"@type\":\"ImageObject\",\"inLanguage\":\"vi\",\"@id\":\"https:\/\/visotek.vn\/dich-vu\/nang-cap-ram-cho-macbook.html#primaryimage\",\"url\":\"https:\/\/visotek.vn\/dich-vu\/wp-content\/uploads\/2025\/02\/nang-cap-ram-macbook.jpg\",\"contentUrl\":\"https:\/\/visotek.vn\/dich-vu\/wp-content\/uploads\/2025\/02\/nang-cap-ram-macbook.jpg\",\"width\":900,\"height\":526,\"caption\":\"N\u00e2ng c\u1ea5p Ram cho Macbook\"},{\"@type\":\"BreadcrumbList\",\"@id\":\"https:\/\/visotek.vn\/dich-vu\/nang-cap-ram-cho-macbook.html#breadcrumb\",\"itemListElement\":[{\"@type\":\"ListItem\",\"position\":1,\"name\":\"Trang ch\u1ee7\",\"item\":\"https:\/\/visotek.vn\/dich-vu\"},{\"@type\":\"ListItem\",\"position\":2,\"name\":\"N\u00e2ng c\u1ea5p Ram cho Macbook\"}]},{\"@type\":\"WebSite\",\"@id\":\"https:\/\/visotek.vn\/dich-vu\/#website\",\"url\":\"https:\/\/visotek.vn\/dich-vu\/\",\"name\":\"D\u1ecbch v\u1ee5 c\u1ee7a Visotek\",\"description\":\"\",\"potentialAction\":[{\"@type\":\"SearchAction\",\"target\":{\"@type\":\"EntryPoint\",\"urlTemplate\":\"https:\/\/visotek.vn\/dich-vu\/?s={search_term_string}\"},\"query-input\":{\"@type\":\"PropertyValueSpecification\",\"valueRequired\":true,\"valueName\":\"search_term_string\"}}],\"inLanguage\":\"vi\"},{\"@type\":\"Person\",\"@id\":\"https:\/\/visotek.vn\/dich-vu\/#\/schema\/person\/7a2861c20c7b88490b47476a32267b60\",\"name\":\"admin\",\"image\":{\"@type\":\"ImageObject\",\"inLanguage\":\"vi\",\"@id\":\"https:\/\/visotek.vn\/dich-vu\/#\/schema\/person\/image\/\",\"url\":\"https:\/\/secure.gravatar.com\/avatar\/d43f6f20a964af05efd669051fa4eef893419d512323bafbc63758123df4def9?s=96&d=mm&r=g\",\"contentUrl\":\"https:\/\/secure.gravatar.com\/avatar\/d43f6f20a964af05efd669051fa4eef893419d512323bafbc63758123df4def9?s=96&d=mm&r=g\",\"caption\":\"admin\"},\"sameAs\":[\"https:\/\/visotek.vn\/dich-vu\"],\"url\":\"https:\/\/visotek.vn\/dich-vu\/author\/admin\"}]}<\/script>\n<!-- \/ Yoast SEO plugin. -->","yoast_head_json":{"title":"N\u00e2ng c\u1ea5p Ram cho Macbook Air, Macbook Pro gi\u00e1 r\u1ebb","description":"D\u1ecbch v\u1ee5 n\u00e2ng c\u1ea5p Ram cho Macbook v\u1edbi t\u1ea5t c\u1ea3 c\u00e1c d\u00f2ng m\u00e1y nh\u01b0 Macbook Pro, Macbook Air, Macbook Pro Retina v\u1edbi gi\u00e1 c\u1ea3 ph\u1ea3i ch\u0103ng","robots":{"index":"index","follow":"follow","max-snippet":"max-snippet:-1","max-image-preview":"max-image-preview:large","max-video-preview":"max-video-preview:-1"},"canonical":"https:\/\/visotek.vn\/dich-vu\/nang-cap-ram-cho-macbook.html","og_locale":"vi_VN","og_type":"article","og_title":"N\u00e2ng c\u1ea5p Ram cho Macbook Air, Macbook Pro gi\u00e1 r\u1ebb","og_description":"D\u1ecbch v\u1ee5 n\u00e2ng c\u1ea5p Ram cho Macbook v\u1edbi t\u1ea5t c\u1ea3 c\u00e1c d\u00f2ng m\u00e1y nh\u01b0 Macbook Pro, Macbook Air, Macbook Pro Retina v\u1edbi gi\u00e1 c\u1ea3 ph\u1ea3i ch\u0103ng","og_url":"https:\/\/visotek.vn\/dich-vu\/nang-cap-ram-cho-macbook.html","og_site_name":"D\u1ecbch v\u1ee5 c\u1ee7a Visotek Vi\u1ec7t Nam","article_published_time":"2025-02-06T02:14:46+00:00","article_modified_time":"2025-02-06T02:17:51+00:00","og_image":[{"width":900,"height":526,"url":"https:\/\/visotek.vn\/dich-vu\/wp-content\/uploads\/2025\/02\/nang-cap-ram-macbook.jpg","type":"image\/jpeg"}],"author":"admin","twitter_card":"summary_large_image","twitter_misc":{"\u0110\u01b0\u1ee3c vi\u1ebft b\u1edfi":"admin","\u01af\u1edbc t\u00ednh th\u1eddi gian \u0111\u1ecdc":"2 ph\u00fat"},"schema":{"@context":"https:\/\/schema.org","@graph":[{"@type":"WebPage","@id":"https:\/\/visotek.vn\/dich-vu\/nang-cap-ram-cho-macbook.html","url":"https:\/\/visotek.vn\/dich-vu\/nang-cap-ram-cho-macbook.html","name":"N\u00e2ng c\u1ea5p Ram cho Macbook Air, Macbook Pro gi\u00e1 r\u1ebb","isPartOf":{"@id":"https:\/\/visotek.vn\/dich-vu\/#website"},"primaryImageOfPage":{"@id":"https:\/\/visotek.vn\/dich-vu\/nang-cap-ram-cho-macbook.html#primaryimage"},"image":{"@id":"https:\/\/visotek.vn\/dich-vu\/nang-cap-ram-cho-macbook.html#primaryimage"},"thumbnailUrl":"https:\/\/visotek.vn\/dich-vu\/wp-content\/uploads\/2025\/02\/nang-cap-ram-macbook.jpg","datePublished":"2025-02-06T02:14:46+00:00","dateModified":"2025-02-06T02:17:51+00:00","author":{"@id":"https:\/\/visotek.vn\/dich-vu\/#\/schema\/person\/7a2861c20c7b88490b47476a32267b60"},"description":"D\u1ecbch v\u1ee5 n\u00e2ng c\u1ea5p Ram cho Macbook v\u1edbi t\u1ea5t c\u1ea3 c\u00e1c d\u00f2ng m\u00e1y nh\u01b0 Macbook Pro, Macbook Air, Macbook Pro Retina v\u1edbi gi\u00e1 c\u1ea3 ph\u1ea3i ch\u0103ng","breadcrumb":{"@id":"https:\/\/visotek.vn\/dich-vu\/nang-cap-ram-cho-macbook.html#breadcrumb"},"inLanguage":"vi","potentialAction":[{"@type":"ReadAction","target":["https:\/\/visotek.vn\/dich-vu\/nang-cap-ram-cho-macbook.html"]}]},{"@type":"ImageObject","inLanguage":"vi","@id":"https:\/\/visotek.vn\/dich-vu\/nang-cap-ram-cho-macbook.html#primaryimage","url":"https:\/\/visotek.vn\/dich-vu\/wp-content\/uploads\/2025\/02\/nang-cap-ram-macbook.jpg","contentUrl":"https:\/\/visotek.vn\/dich-vu\/wp-content\/uploads\/2025\/02\/nang-cap-ram-macbook.jpg","width":900,"height":526,"caption":"N\u00e2ng c\u1ea5p Ram cho Macbook"},{"@type":"BreadcrumbList","@id":"https:\/\/visotek.vn\/dich-vu\/nang-cap-ram-cho-macbook.html#breadcrumb","itemListElement":[{"@type":"ListItem","position":1,"name":"Trang ch\u1ee7","item":"https:\/\/visotek.vn\/dich-vu"},{"@type":"ListItem","position":2,"name":"N\u00e2ng c\u1ea5p Ram cho Macbook"}]},{"@type":"WebSite","@id":"https:\/\/visotek.vn\/dich-vu\/#website","url":"https:\/\/visotek.vn\/dich-vu\/","name":"D\u1ecbch v\u1ee5 c\u1ee7a Visotek","description":"","potentialAction":[{"@type":"SearchAction","target":{"@type":"EntryPoint","urlTemplate":"https:\/\/visotek.vn\/dich-vu\/?s={search_term_string}"},"query-input":{"@type":"PropertyValueSpecification","valueRequired":true,"valueName":"search_term_string"}}],"inLanguage":"vi"},{"@type":"Person","@id":"https:\/\/visotek.vn\/dich-vu\/#\/schema\/person\/7a2861c20c7b88490b47476a32267b60","name":"admin","image":{"@type":"ImageObject","inLanguage":"vi","@id":"https:\/\/visotek.vn\/dich-vu\/#\/schema\/person\/image\/","url":"https:\/\/secure.gravatar.com\/avatar\/d43f6f20a964af05efd669051fa4eef893419d512323bafbc63758123df4def9?s=96&d=mm&r=g","contentUrl":"https:\/\/secure.gravatar.com\/avatar\/d43f6f20a964af05efd669051fa4eef893419d512323bafbc63758123df4def9?s=96&d=mm&r=g","caption":"admin"},"sameAs":["https:\/\/visotek.vn\/dich-vu"],"url":"https:\/\/visotek.vn\/dich-vu\/author\/admin"}]}},"_links":{"self":[{"href":"https:\/\/visotek.vn\/dich-vu\/wp-json\/wp\/v2\/posts\/116","targetHints":{"allow":["GET"]}}],"collection":[{"href":"https:\/\/visotek.vn\/dich-vu\/wp-json\/wp\/v2\/posts"}],"about":[{"href":"https:\/\/visotek.vn\/dich-vu\/wp-json\/wp\/v2\/types\/post"}],"author":[{"embeddable":true,"href":"https:\/\/visotek.vn\/dich-vu\/wp-json\/wp\/v2\/users\/1"}],"replies":[{"embeddable":true,"href":"https:\/\/visotek.vn\/dich-vu\/wp-json\/wp\/v2\/comments?post=116"}],"version-history":[{"count":3,"href":"https:\/\/visotek.vn\/dich-vu\/wp-json\/wp\/v2\/posts\/116\/revisions"}],"predecessor-version":[{"id":120,"href":"https:\/\/visotek.vn\/dich-vu\/wp-json\/wp\/v2\/posts\/116\/revisions\/120"}],"wp:featuredmedia":[{"embeddable":true,"href":"https:\/\/visotek.vn\/dich-vu\/wp-json\/wp\/v2\/media\/117"}],"wp:attachment":[{"href":"https:\/\/visotek.vn\/dich-vu\/wp-json\/wp\/v2\/media?parent=116"}],"wp:term":[{"taxonomy":"category","embeddable":true,"href":"https:\/\/visotek.vn\/dich-vu\/wp-json\/wp\/v2\/categories?post=116"},{"taxonomy":"post_tag","embeddable":true,"href":"https:\/\/visotek.vn\/dich-vu\/wp-json\/wp\/v2\/tags?post=116"}],"curies":[{"name":"wp","href":"https:\/\/api.w.org\/{rel}","templated":true}]}}